{"id":473,"date":"2023-04-29T20:23:38","date_gmt":"2023-04-29T20:23:38","guid":{"rendered":"https:\/\/wp.rumeysagelgi.com\/?p=473"},"modified":"2023-04-30T13:51:36","modified_gmt":"2023-04-30T13:51:36","slug":"skolyoz-ameliyatimin-1-yili","status":"publish","type":"post","link":"https:\/\/rumeysagelgi.com\/tr\/skolyoz-ameliyatimin-1-yili\/","title":{"rendered":"Skolyoz Ameliyat\u0131m\u0131n 1. Y\u0131l\u0131"},"content":{"rendered":"<div data-elementor-type=\"wp-post\" data-elementor-id=\"473\" class=\"elementor elementor-473\">\n\t\t\t\t<div class=\"elementor-element elementor-element-534fab4 e-flex e-con-boxed e-con e-parent\" data-id=\"534fab4\" data-element_type=\"container\" data-settings=\"{&quot;content_width&quot;:&quot;boxed&quot;}\" data-core-v316-plus=\"true\">\n\t\t\t\t\t<div class=\"e-con-inner\">\n\t\t\t\t<div class=\"elementor-element elementor-element-b099d24 elementor-widget elementor-widget-text-editor\" data-id=\"b099d24\" data-element_type=\"widget\" data-widget_type=\"text-editor.default\">\n\t\t\t\t<div class=\"elementor-widget-container\">\n\t\t\t<style>\/*! elementor - v3.19.0 - 07-02-2024 *\/\n.elementor-widget-text-editor.elementor-drop-cap-view-stacked .elementor-drop-cap{background-color:#69727d;color:#fff}.elementor-widget-text-editor.elementor-drop-cap-view-framed .elementor-drop-cap{color:#69727d;border:3px solid;background-color:transparent}.elementor-widget-text-editor:not(.elementor-drop-cap-view-default) .elementor-drop-cap{margin-top:8px}.elementor-widget-text-editor:not(.elementor-drop-cap-view-default) .elementor-drop-cap-letter{width:1em;height:1em}.elementor-widget-text-editor .elementor-drop-cap{float:left;text-align:center;line-height:1;font-size:50px}.elementor-widget-text-editor .elementor-drop-cap-letter{display:inline-block}<\/style>\t\t\t\t<div class=\"box\"><p>Merhabalar, <\/p><p>1 y\u0131l \u00f6nce bug\u00fcn \u015fu saatlerde \u00e7ok a\u011f\u0131r bir ameliyattayd\u0131m. Evet, bug\u00fcn skolyoz ameliyat\u0131m\u0131 ge\u00e7ireli ve platinlerimle ya\u015famaya ba\u015flayal\u0131 tam 1 y\u0131l oldu. Uzun zamand\u0131r ge\u00e7irdi\u011fim bu s\u00fcre\u00e7le ilgili bir yaz\u0131 yazmak, hayat\u0131m\u0131 de\u011fi\u015ftiren o zaman dilimini sizlere anlatmak istiyordum. Yaz\u0131ma ba\u015flayal\u0131 \u00e7ok olmas\u0131na ra\u011fmen ancak bitirebildim, ve tam da ameliyat\u0131m\u0131n y\u0131l d\u00f6n\u00fcm\u00fcnde yay\u0131nlamaya karar verdim.<\/p><p>\u00d6ncelikle bilmeyenler i\u00e7in skolyozun ne ya da nas\u0131l bir hastal\u0131k oldu\u011fundan bahsetmek istiyorum. Skolyozun tan\u0131m\u0131 tam olarak &#8220;omurgan\u0131n g\u00f6\u011f\u00fcs veya bel b\u00f6lgelerinden yana do\u011fru e\u011frili\u011fi&#8221; \u015feklindedir. Farkl\u0131 sebeplerle olu\u015fsa da sebebinin bilinmedi\u011fi durumlar da olabiliyor. \u00c7o\u011funlukla k\u0131z \u00e7ocuklar\u0131nda ergenlik d\u00f6neminde ortaya \u00e7\u0131ksa da, do\u011fu\u015ftan da g\u00f6r\u00fclebiliyor asl\u0131nda. \u00d6rne\u011fin benimki do\u011fu\u015ftand\u0131. Ayr\u0131ca bende &#8220;omurgan\u0131n \u00f6nden arkaya do\u011fru e\u011frili\u011fi&#8221; olarak bilinen lordoz da mevcuttu.<\/p><p>Skolyoz her ne kadar ya\u015fam kalitesini b\u00fcy\u00fck oranda etkilese de, tedavisi olmayan bir hastal\u0131k de\u011fil asl\u0131nda. \u00d6nemli olan hastal\u0131ktan \u015f\u00fcphe edildi\u011fi ya da te\u015fhis konuldu\u011fu andan itibaren i\u015finde iyi bir omurga cerrah\u0131n\u0131n g\u00f6zetiminde olmak. Farkl\u0131 tedavi se\u00e7enekleri olsa da y\u00fcksek a\u00e7\u0131ya sahip hastalarda en \u00e7ok cerrahi y\u00f6ntem tercih ediliyor. Bu durum bende de b\u00f6yle oldu \u00e7\u00fcnk\u00fc zaten benim ameliyat\u0131m\u0131 ger\u00e7ekle\u015ftiren doktorumla tan\u0131\u015ft\u0131\u011f\u0131mda skolyozum 65 dereceydi.<\/p><p>Ameliyat\u0131ma ge\u00e7meden \u00f6nce ameliyat karar\u0131n\u0131 neden ve nas\u0131l ald\u0131\u011f\u0131mdan bahsetmek istiyorum. S\u00f6yledi\u011fim gibi omurga e\u011frili\u011fim do\u011fu\u015ftan geliyor ve 17 y\u0131l boyunca hayat\u0131m\u0131 \u00e7ok a\u011f\u0131r bir \u015fekilde etkileyen skolyozla ya\u015fad\u0131m. \u00d6yle ki 6-7 ya\u015flar\u0131mdan sonra bu hastal\u0131k neredeyse oturma yetimi tamamen kaybetmeme neden oldu. \u00d6zellikle son y\u0131llarda oturma s\u00fcrem 15-20 dakikay\u0131 ge\u00e7emez hale gelmi\u015fti ve bu sebeple hayat\u0131m\u0131n b\u00fcy\u00fck \u00e7o\u011funlu\u011funu y\u00fcz\u00fcst\u00fc uzanarak ge\u00e7irmek zorunda kald\u0131m. Elbette ki bu da hayat\u0131ma ve sosyal ya\u015fam\u0131ma b\u00fcy\u00fck k\u0131s\u0131tlamalar ve s\u0131k\u0131nt\u0131lar getirdi.<\/p><p>Fakat b\u00fct\u00fcn bunlara ra\u011fmen, ameliyat\u0131mdan son 1 y\u0131l \u00f6ncesine kadar b\u00f6yle bir ameliyat olmay\u0131 ciddi anlamda hi\u00e7 d\u00fc\u015f\u00fcnmedim. 2013 y\u0131l\u0131n\u0131n ba\u015f\u0131nda ge\u00e7irdi\u011fim a\u011f\u0131r bron\u015fit beni bu karar\u0131 almaya y\u00f6nlendirdi asl\u0131nda. Omurgamdaki e\u011frili\u011fin akci\u011ferlerime yapt\u0131\u011f\u0131 bask\u0131 nedeniyle her y\u0131l devaml\u0131 bron\u015fit oluyor ve \u00e7ok zor atlat\u0131yordum. \u00d6ks\u00fcrme refleksim neredeyse hi\u00e7 yoktu. \u00d6ks\u00fcremedi\u011fimden ve hastal\u0131klar\u0131 kolay atlamad\u0131\u011f\u0131mdan, hastaland\u0131\u011f\u0131mda uzun s\u00fcre evde kalmak zorunda kal\u0131yordum ve bu da beni fiziksel olarak k\u0131s\u0131tlay\u0131p kaslar\u0131m\u0131n gerilemesine yol a\u00e7\u0131yordu. Ayr\u0131ca son zamanlarda skolyozum siyatik, s\u0131rt a\u011fr\u0131lar\u0131 ve kas kas\u0131lmalar\u0131 vs. gibi ba\u015fka sorunlara da neden olmaya ba\u015flam\u0131\u015ft\u0131. K\u0131sacas\u0131 her \u015fey bir k\u0131s\u0131rd\u00f6ng\u00fc i\u00e7ine girmi\u015fti. \u0130\u015fte bu sebeple skolyozun art\u0131k hayat\u0131m\u0131 mahvetmeye ba\u015flad\u0131\u011f\u0131n\u0131 ve ayr\u0131ca ruh sa\u011fl\u0131\u011f\u0131m\u0131 da etkilemeye ba\u015flad\u0131\u011f\u0131n\u0131 fark ettim, ve art\u0131k bir \u015feyler yap\u0131lmas\u0131 gerekti\u011fine karar verdim.<\/p><p>2013&#8217;\u00fcn Kas\u0131m ay\u0131nda ameliyat\u0131m\u0131 ba\u015far\u0131yla ger\u00e7ekle\u015ftiren doktorum Say\u0131n Prof. Dr. Murat Bezer&#8217;le tan\u0131\u015ft\u0131m. Kendisiyle ilk tan\u0131\u015ft\u0131\u011f\u0131m g\u00fcnde bana inan\u0131lmaz g\u00fcven verdi\u011fini s\u00f6ylemeliyim. Kendisinin ameliyat olmaya kesin karar vermemde \u00e7ok b\u00fcy\u00fck bir etken oldu\u011funu d\u00fc\u015f\u00fcn\u00fcyorum. \u00c7\u00fcnk\u00fc benim i\u00e7in doktor se\u00e7imi ve doktoruma g\u00fcvenebilmek \u00e7ok \u00f6nemliydi. Sonu\u00e7ta kendisine can\u0131m\u0131 emanet etmem gerekiyordu. Murat hocam\u0131n ger\u00e7ekten hastas\u0131yla ne kadar ilgili oldu\u011funu ve bu i\u015fte ne kadar ba\u015far\u0131l\u0131 oldu\u011funu daha kendisiyle tan\u0131\u015fmadan \u00f6nce biliyordum. Zaten kendisine gitme sebebim hastalar\u0131n\u0131n yazd\u0131\u011f\u0131 g\u00fczel yorumlar ve okudu\u011fum ba\u015far\u0131lar\u0131yd\u0131.<\/p><p>9 Kas\u0131m 2013&#8217;te Murat hocama r\u00f6ntgen filmlerimle gittim. Kendisi benim i\u00e7in ameliyattan ba\u015fka bir se\u00e7enek olmad\u0131\u011f\u0131n\u0131 ve bir an \u00f6nce ameliyat olmam\u0131n en do\u011frusu olaca\u011f\u0131n\u0131 s\u00f6yledi. Ben de kendisinden, kendimi bu duruma psikolojik olarak haz\u0131rlayabilmek i\u00e7in 1 ay gibi bir s\u00fcre istedim.<\/p><p>Karar al\u0131nmas\u0131 ve ameliyat s\u00fcrecinde ailemin bana \u00e7ok b\u00fcy\u00fck deste\u011fi oldu. Her zaman bu konuda beni cesaretlendirmek, \u015f\u00fcphelerimi gidermek i\u00e7in yan\u0131mda oldular, ancak bana hi\u00e7bir zaman &#8220;ameliyat ol ya da olma&#8221; \u015feklinde bir bask\u0131 da yapmad\u0131lar. Bunun benim karar\u0131m olmas\u0131 gerekti\u011fini s\u00f6ylediler. Bunun ne kadar do\u011fru oldu\u011funu ameliyattan \u00e7\u0131kt\u0131ktan sonra anlad\u0131m. \u015eimdi diyorum ki iyi ki bu se\u00e7imi kendim yapm\u0131\u015f\u0131m, iyi ki kimse beni zorlamam\u0131\u015f. Di\u011fer t\u00fcrl\u00fc olsayd\u0131, yani ameliyat olmam konusunda e\u011fer biri beni etkilemi\u015f olsayd\u0131 eminim ki ameliyattan sonra ya\u015fad\u0131\u011f\u0131m her olumsuzlukta o ki\u015fiyi su\u00e7layacakt\u0131m, ve belki de pi\u015fman olacakt\u0131m. Ailem beni hi\u00e7bir \u015fekilde etkilememek i\u00e7in bu konuya ger\u00e7ekten \u00e7ok hassasiyet g\u00f6sterdi. \u00d6yle ki ben onlar\u0131n ne kadar endi\u015feli olduklar\u0131n\u0131, ne kadar korktuklar\u0131n\u0131 bile ameliyat\u0131mdan sonra \u00f6\u011frendim.<\/p><p>10 Aral\u0131k 2013&#8217;te, lapa lapa kar ya\u011fan bir g\u00fcnde \ud83d\ude42 ailemle birlikte Safranbolu&#8217;dan \u0130stanbul&#8217;a gittim ve Marmara \u00dcniversitesi Pendik E\u011fitim ve Ara\u015ft\u0131rma Hastanesi Ortopedi ve Travmatoloji Servisi&#8217;ne yatt\u0131m. Burada konuyu fazla uzat\u0131p da sizi s\u0131kmak istemiyorum. Bir hafta boyunca \u00e7e\u015fitli tetkiklerim yap\u0131ld\u0131 ve ameliyat\u0131ma bir engel olup olmad\u0131\u011f\u0131na bak\u0131ld\u0131. Neyse ki her \u015fey yolunda gitti, ve 16 Aral\u0131k 2013 g\u00fcn\u00fc sabah saat 7&#8217;de ilk skolyoz ameliyat\u0131ma al\u0131nd\u0131m. \u0130lk diyorum \u00e7\u00fcnk\u00fc ameliyat s\u0131ras\u0131nda a\u015f\u0131r\u0131 derecede kanamam olmu\u015f ve doktorum hayat\u0131m\u0131 riske atmamak ad\u0131na ameliyat\u0131 yar\u0131m b\u0131rakmak zorunda kalm\u0131\u015f. Bu nedenle asl\u0131nda 1 hafta arayla iki skolyoz ameliyat\u0131 ge\u00e7irmi\u015f oldum.<\/p><p>\u0130lk \u00f6nce \u015funu s\u00f6ylemeliyim ki, her ne kadar ameliyathaneye b\u00fcy\u00fck bir moralle gitsem de, art\u0131k o kap\u0131dan girdikten sonra i\u015f ger\u00e7ekten ciddiye binmi\u015f oluyor ve haliyle insan biraz korkmaya da ba\u015fl\u0131yor. Ama samimiyetle s\u00f6yl\u00fcyorum ki, hastanenin ger\u00e7ekten m\u00fckemmel bir ameliyathanesi ve ameliyathane ekibi vard\u0131 -en az\u0131ndan benim ameliyat\u0131m\u0131 ger\u00e7ekle\u015ftiren ekip \u00f6yleydi-. Ameliyata girmeden \u00f6nce, e\u011fer biri bana bu kadar s\u0131cak bir ameliyathaneyle kar\u015f\u0131laca\u011f\u0131m\u0131 s\u00f6ylemi\u015f olsayd\u0131 asla inanmazd\u0131m. Ekibin s\u0131cakkanl\u0131l\u0131\u011f\u0131n\u0131, ilgisini g\u00f6rd\u00fc\u011f\u00fcm anda sedyeyle kap\u0131dan i\u00e7eri girerkenki tedirginli\u011fim yok oldu. Ger\u00e7ekten \u00f6yle bir anda ve durumdayken etraftaki insanlar\u0131n davran\u0131\u015flar\u0131n\u0131n hastay\u0131 ne kadar etkiledi\u011fini anlatamam.<\/p><p>Gelelim ameliyata; skolyoz ameliyat\u0131 beyin ameliyat\u0131ndan sonra ikinci en a\u011f\u0131r ve zorlu ameliyat. Tabii ki bu benim yakla\u015f\u0131k 1 metrelik omurgama yap\u0131ld\u0131\u011f\u0131nda ekstra zorlu oldu. A\u00e7\u0131k\u00e7as\u0131 o s\u0131rada m\u0131\u015f\u0131l m\u0131\u015f\u0131l uyudu\u011fum i\u00e7in, ameliyat\u0131mla ilgili anlatacaklar\u0131m doktorlardan ve ailemden \u00f6\u011frendiklerimle s\u0131n\u0131rl\u0131. 9 saat s\u00fcren ameliyat s\u0131ras\u0131nda \u00e7ok a\u015f\u0131r\u0131 miktarda kanamam olmu\u015f ve bu nedenle de ameliyat yar\u0131m b\u0131rak\u0131lm\u0131\u015f. Sadece ilk ameliyatta kaybetti\u011fim kan miktar\u0131 tam olarak 6 Litre. Bu t\u00fcr komplikasyonlar\u0131n ya\u015fanmas\u0131n\u0131n sebebi asl\u0131nda benim sahip oldu\u011fum sendrom ve bu ameliyat\u0131n d\u00fcnyada ilk kez yap\u0131lm\u0131\u015f olmas\u0131. \u00c7\u00fcnk\u00fc ben, Weaver Sendromlu olup da Skolyoz ameliyat\u0131 ge\u00e7irmi\u015f olan d\u00fcnyadaki ilk ve tek ki\u015fiyim. Ayr\u0131ca omurgam, \u015fu ana dek Skolyoz operasyonu yap\u0131lm\u0131\u015f en uzun omurga. Bu nedenle Say\u0131n Murat hocama tekrar te\u015fekk\u00fcr ediyorum ve ba\u015far\u0131s\u0131ndan dolay\u0131 tebrik ediyorum.<\/p><p>Elbette ki ben ameliyatta ya\u015fad\u0131\u011f\u0131m kan kayb\u0131n\u0131 yo\u011fun bak\u0131mdan \u00e7\u0131k\u0131p kendime geldi\u011fimde \u00f6\u011frendim. \u0130nsan o s\u0131rada hi\u00e7bir \u015fey hissetmeyip sonras\u0131nda bir anda duyunca inanmas\u0131 g\u00fc\u00e7 oluyor. Tabii ameliyat\u0131n yar\u0131m kald\u0131\u011f\u0131n\u0131 ve bir hafta sonra ikinci bir ameliyat ge\u00e7irece\u011fimi \u00f6\u011frendi\u011fimde ayr\u0131 bir \u015fok ya\u015fad\u0131m. 23 Aral\u0131k 2013 g\u00fcn\u00fc ikinci skolyoz ameliyat\u0131ma al\u0131nd\u0131m. Bu sefer kanama riskine kar\u015f\u0131 herkes daha haz\u0131rl\u0131kl\u0131yd\u0131. Ameliyata yakla\u015f\u0131k 20 \u00fcnite kanla girdim ve sadece ikinci ameliyatta kaybetti\u011fim kan miktar\u0131 tam 8 Litre&#8217;ydi (insan v\u00fccudunda toplamda 5-6 Litre kan vard\u0131r). Hastanenin kan merkezi daha \u00f6nce hi\u00e7bir hasta i\u00e7in bu kadar kan toplanmad\u0131\u011f\u0131n\u0131 s\u00f6ylemi\u015fti. Ayr\u0131ca buradan benim i\u00e7in kan ba\u011f\u0131\u015f\u0131nda bulunan ve arac\u0131 olan herkese \u00e7ok te\u015fekk\u00fcr ederim. Ameliyat\u0131m s\u0131ras\u0131nda o kadar \u00e7ok insan benim i\u00e7in seferber oldu ki anlatamam. Abart\u0131s\u0131z s\u00f6yl\u00fcyorum onlarca, belki y\u00fczlerce ki\u015fi. Tabii ben bunlar\u0131n hepsini ameliyat\u0131mdan g\u00fcnler sonra \u00f6\u011frendim ve hi\u00e7birine te\u015fekk\u00fcr etme f\u0131rsat\u0131m olmad\u0131. Umar\u0131m en az\u0131ndan bir k\u0131sm\u0131 bu yaz\u0131y\u0131 okur. Ve \u015funu s\u00f6ylemek istiyorum ki, bu ki\u015filer sebep olmasayd\u0131 eminim ben o ameliyat masas\u0131ndan kalkamazd\u0131m.<\/p><p>Neyse ki ikinci ameliyat\u0131m 8,5 saat sonra (omurgama yap\u0131lan i\u015flem her iki ameliyat topland\u0131\u011f\u0131nda 17,5 saat s\u00fcrm\u00fc\u015f oluyor) sorunsuz bir \u015fekilde sonlanm\u0131\u015f ve yo\u011fun bak\u0131ma al\u0131nm\u0131\u015f\u0131m. 2 g\u00fcn yo\u011fun bak\u0131mda kald\u0131m. Damardan verilen y\u00fcksek doz ila\u00e7lar sayesinde a\u011fr\u0131lar\u0131m en aza indirildi, mide bulant\u0131lar\u0131m hi\u00e7 olmad\u0131. Asl\u0131nda ameliyatlarda en sevmedi\u011fim nokta yo\u011fun bak\u0131m s\u00fcreciydi. \u00c7\u00fcnk\u00fc ilkinde \u00e7ok s\u0131k\u0131lm\u0131\u015ft\u0131m. Neyse ki ikinci sefer ilkinden \u00e7ok daha rahat ve e\u011flenceli ge\u00e7ti. Hatta arkada\u015f bile edinmi\u015ftim. \ud83d\ude42 Her iki ameliyat\u0131m sonras\u0131nda da yo\u011fun bak\u0131mdayken benimle \u00e7ok ilgilenen ve inan\u0131lmaz s\u0131cakkanl\u0131 buldu\u011fum Anestezi ve Reanimasyon Uzman\u0131 Say\u0131n Dr. Beliz Bilgili&#8217;ye, ve hayat\u0131m\u0131n en zorlu gecelerinden biri olan, ikinci ameliyat\u0131mdan sonraki ilk yo\u011fun bak\u0131m gecemde bana \u00e7ok iyi bakan ve benim asla unutamayaca\u011f\u0131m ki\u015filerden biri olan Ceren Hem\u015fire&#8217;ye \u00e7ok te\u015fekk\u00fcr ederim.<\/p><p>Evet, s\u00f6z\u00fcn k\u0131sas\u0131 skolyozum ameliyatla birlikte 65 dereceden 38 dereceye d\u00fc\u015f\u00fcr\u00fcld\u00fc, ve 1 y\u0131ld\u0131r omurgamda yakla\u015f\u0131k 90 cm&#8217;lik iki platin \u00e7ubuk ve her iki tarafta 16 adet olmak \u00fczere toplamda 32 adet vida ta\u015f\u0131yorum. Elbette ki t\u00fcm bunlara al\u0131\u015fmak benim i\u00e7in hi\u00e7 kolay olmad\u0131. Ameliyat\u0131m\u0131n 3. g\u00fcn\u00fc ilk kez oturtuldu\u011fumda sanki s\u0131rt\u0131ma a\u011f\u0131r bir y\u00fck y\u00fcklenmi\u015f gibi hissediyordum. Ama insan zamanla her \u015feye al\u0131\u015f\u0131yor. \u0130lk ameliyata al\u0131nmam\u0131n bir gece \u00f6ncesinde ameliyat ekibimdeki doktorlardan biri bana &#8220;platinlerin sana de\u011fil, sen onlara al\u0131\u015facaks\u0131n&#8221; demi\u015fti. Ger\u00e7ekten \u00f6yle oldu. Onlar bana de\u011fil, ben onlara al\u0131\u015ft\u0131m. \u0130lk ba\u015flarda sanki bu hisse hi\u00e7 al\u0131\u015famayacakm\u0131\u015f\u0131m, platinlerimin varl\u0131\u011f\u0131n\u0131 hep hissedecekmi\u015fim gibi gelmi\u015fti. Ama 6. aydan sonra platinlerin a\u011f\u0131rl\u0131\u011f\u0131n\u0131 -varsa bile- art\u0131k hissetmemeye ba\u015flad\u0131m. \u015eu anda da birlikte mutlu mesut ya\u015f\u0131yoruz. \ud83d\ude42<\/p><p>Ameliyat olacak ki\u015filere verebilece\u011fim tavsiyeler ise; \u00f6ncelikle \u015funu s\u00f6ylemek istiyorum ki bu ger\u00e7ekten \u00e7ok zorlu bir ameliyat. Buraya \u00e7ok kolayd\u0131, a\u011fr\u0131s\u0131z s\u0131z\u0131s\u0131zd\u0131 yaz\u0131p da kimseyi kand\u0131rmak istemiyorum. Ama korkutmak da istemiyorum. Elbette \u00e7ok zordu, ama ne olursa olsun benim yine de bu ameliyat\u0131 olmam gerekiyordu ve oldum. \u00c7\u00fcnk\u00fc ba\u015fka bir \u015fans\u0131m yoktu. Olmasayd\u0131m skolyoz \u00f6nce hayat\u0131m\u0131 mahvedecek, sonra da belki \u00f6l\u00fcm\u00fcme sebep olacakt\u0131. Diyeceksiniz belki, bu da \u00f6l\u00fcm ya da fel\u00e7 riski olan bir ameliyat, ne fark eder, diye. Do\u011frusunu isterseniz ben elimde bir \u015fans varsa ve doktoruma da g\u00fcveniyorsam, riski ne olursa olsun \u015fans\u0131m\u0131 denemeyi tercih ederim. En az\u0131ndan denemedim demem, de\u011fil mi? \ud83d\ude42<\/p><p>Ve bence bu biraz da kendinizi haz\u0131rlama i\u015fi. Ben ameliyat karar\u0131n\u0131 vermeden \u00f6nce dahi bu ameliyat\u0131 \u00e7ok ara\u015ft\u0131rd\u0131m. Ameliyat olanlar\u0131n yorumlar\u0131n\u0131 okudum, onlar\u0131n g\u00f6zlerinden iyi taraflar\u0131n\u0131, varsa pi\u015fmanl\u0131klar\u0131n\u0131 okudum. Ve kendimi her zaman en k\u00f6t\u00fcs\u00fcne haz\u0131rlad\u0131m. En k\u00f6t\u00fcs\u00fc derken, tabii ki ben hayat\u0131m\u0131 kaybederim ya da fel\u00e7 olurum diye karamsarl\u0131k yapmad\u0131m. Ama mesela, ben ameliyattan \u00e7\u0131kt\u0131ktan sonra \u00e7\u0131\u011fl\u0131k \u00e7\u0131\u011fl\u0131\u011fa ba\u011f\u0131racak kadar \u015fiddetli a\u011fr\u0131lar\u0131m olmas\u0131n\u0131 bekliyordum. Ya da uzun s\u00fcre yata\u011fa ba\u011f\u0131ml\u0131 kalabilirim diye d\u00fc\u015f\u00fcn\u00fcyordum, veya korse tak\u0131l\u0131r birka\u00e7 ay korse kullanmak zorunda kal\u0131r\u0131m san\u0131yordum. \u00c7ok \u015f\u00fck\u00fcr bunlar\u0131n hi\u00e7birini ya\u015famad\u0131m. Ne s\u0131rt\u0131mda o derecede a\u011fr\u0131lar\u0131m oldu -hi\u00e7 olmad\u0131 demiyorum, elbette fazlas\u0131yla oldu sonu\u00e7ta omurgaya i\u015flem yap\u0131l\u0131yor ama \u00e7\u0131\u011fl\u0131k \u00e7\u0131\u011fl\u0131\u011fa ba\u011f\u0131raca\u011f\u0131m kadar de\u011fildi-, ne de bir kere bile korse takt\u0131m. Eh, benim kendimi haz\u0131rlamam da yan\u0131ma k\u00e2r kald\u0131.<\/p><p>Ameliyat izi konusuna gelirsek, bu bir\u00e7ok ki\u015fi gibi benim de \u00e7ok kafama takt\u0131\u011f\u0131m bir \u015feydi ilk ba\u015flarda. Hatta ameliyata girmeden \u00f6nce \u0131srarla estetik diki\u015f yap\u0131lmas\u0131n\u0131 istemi\u015ftim. Ancak doktorlar b\u00f6yle bir ameliyatta kesi \u00e7ok derin olaca\u011f\u0131 i\u00e7in estetik diki\u015fin a\u00e7\u0131labilece\u011fini, bu nedenle z\u0131mba diki\u015f yapacaklar\u0131n\u0131 s\u00f6ylediler. \u015eimdi diyorum ki iyi ki b\u00f6yle yap\u0131lm\u0131\u015f. \u00c7\u00fcnk\u00fc z\u0131mba diki\u015f sayesinde hem sa\u011flam oldu\u011fu i\u00e7in ameliyattan sonra diki\u015flerimle ilgili bir sorun ya\u015famad\u0131m, hem de s\u0131rt\u0131mda olduk\u00e7a hafif bir iz kald\u0131. Zaten daha sonra ara\u015ft\u0131rd\u0131\u011f\u0131mda bu y\u00f6ntemin \u00e7ok s\u0131k kullan\u0131ld\u0131\u011f\u0131n\u0131 okudum.<\/p><p>O anki hastal\u0131k psikolojisiyle benim de bu durumu abartt\u0131\u011f\u0131m zamanlar oldu tabi ameliyattan sonra. Hatta diki\u015flerim al\u0131nd\u0131ktan ve yerleri iyile\u015ftikten sonra, s\u0131rt\u0131m\u0131 ilk kez g\u00f6rd\u00fc\u011f\u00fcmde a\u011flam\u0131\u015ft\u0131m. Elbette ki birka\u00e7 ay i\u00e7inde ne kadar d\u00fczelme oldu\u011funu g\u00f6rd\u00fcm. Ayr\u0131ca \u00e7ok hafif bir iz kalsa bile, bunun estetik de\u011fil, bir sa\u011fl\u0131k meselesi oldu\u011funu biliyorum. K\u0131saca \u015funu demek istiyorum ki, e\u011fer siz de ameliyat olmay\u0131 d\u00fc\u015f\u00fcn\u00fcyorsan\u0131z, daha do\u011frusu ameliyat olman\u0131z gerekiyorsa ve bu s\u0131rf iz y\u00fcz\u00fcnden akl\u0131n\u0131zda soru i\u015fareti olarak kal\u0131yorsa, ben hi\u00e7 d\u00fc\u015f\u00fcnmeyin derim. Eminim ki ben ve benim durumumdaki insanlar i\u00e7in o izin estetik olarak hi\u00e7bir etkisi olamaz.<\/p><p>Ve son olarak, te\u015fekk\u00fcr etmek istedi\u011fim baz\u0131 ki\u015filer var. \u00d6ncelikle elbette ki ameliyat\u0131m\u0131 ba\u015far\u0131yla ger\u00e7ekle\u015ftiren ve benim i\u00e7in \u00e7ok de\u011ferli olan doktorum Say\u0131n Prof. Dr. Murat Bezer&#8217;e ve ekibine bir kez daha te\u015fekk\u00fcr etmek istiyorum. Ayr\u0131ca ameliyat\u0131mdan sonraki zorlu s\u00fcre\u00e7te ya\u015fad\u0131\u011f\u0131m n\u00f6ropatik a\u011fr\u0131lar\u0131n dinmesi i\u00e7in elinden geleni yapan; duyu kayb\u0131, kas gerilemesi gibi fiziksel tedavilerimi ger\u00e7ekle\u015ftiren Say\u0131n Prof. Dr. G\u00fclseren Aky\u00fcz&#8217;e \u00e7ok te\u015fekk\u00fcr ederim. Marmara \u00dcniversitesi Pendik E\u011fitim ve Ara\u015ft\u0131rma Hastanesi&#8217;nin t\u00fcm Ortopedi ve FTR Asistanlar\u0131na, hastanede kald\u0131\u011f\u0131m s\u00fcre boyunca devaml\u0131 moralimi ve sa\u011fl\u0131\u011f\u0131m\u0131 yerine getirmek i\u00e7in u\u011fra\u015fan Fzt. Dilek \u0130lhan ba\u015fta olmak \u00fczere b\u00fct\u00fcn fizyoterapistlerine ve yard\u0131mc\u0131 personeline, 3 ay boyunca yatt\u0131\u011f\u0131m Karma Servis&#8217;in -ba\u015fta Vildan Hem\u015fire ve Ay\u015fe Hem\u015fire olmak \u00fczere- t\u00fcm hem\u015firelerine ve \u00e7al\u0131\u015fanlar\u0131na \u00e7ok te\u015fekk\u00fcr ederim.<\/p><p>Rumeysa Gelgi<\/p><p>Not: E\u011fer skolyoz ameliyat\u0131n\u0131n hayat\u0131ma getirdi\u011fi yenilikleri ve aradaki fark\u0131 g\u00f6rmek isterseniz, ameliyat \u00f6ncesi ve sonras\u0131 foto\u011fraflar\u0131ma <a href=\"https:\/\/www.instagram.com\/rumeysagelgi\/\" target=\"_blank\" rel=\"noopener\">Instagram<\/a> hesab\u0131mdan ula\u015fabilirsiniz.<\/p><p><strong><em>23 Aral\u0131k 2014 tarihinde Rumeysa Gelgi taraf\u0131ndan yay\u0131mland\u0131.<\/em><\/strong><\/p><\/div>\t\t\t\t\t\t<\/div>\n\t\t\t\t<\/div>\n\t\t\t\t\t<\/div>\n\t\t\t\t<\/div>\n\t\t\t\t<\/div>","protected":false},"excerpt":{"rendered":"<p>Merhabalar, 1 y\u0131l \u00f6nce bug\u00fcn \u015fu saatlerde \u00e7ok a\u011f\u0131r bir ameliyattayd\u0131m. Evet, bug\u00fcn skolyoz ameliyat\u0131m\u0131 ge\u00e7ireli ve platinlerimle ya\u015famaya ba\u015flayal\u0131 tam 1 y\u0131l oldu. Uzun zamand\u0131r ge\u00e7irdi\u011fim bu s\u00fcre\u00e7le ilgili bir yaz\u0131 yazmak, hayat\u0131m\u0131 de\u011fi\u015ftiren o zaman dilimini sizlere anlatmak istiyordum. Yaz\u0131ma ba\u015flayal\u0131 \u00e7ok olmas\u0131na ra\u011fmen ancak bitirebildim, ve tam da ameliyat\u0131m\u0131n y\u0131l d\u00f6n\u00fcm\u00fcnde yay\u0131nlamaya &hellip; <\/p>\n<p class=\"link-more\"><a href=\"https:\/\/rumeysagelgi.com\/tr\/skolyoz-ameliyatimin-1-yili\/\" class=\"more-link\">Okumaya devam et<span class=\"screen-reader-text\"> &#8220;Skolyoz Ameliyat\u0131m\u0131n 1. Y\u0131l\u0131&#8221;<\/span><\/a><\/p>","protected":false},"author":2,"featured_media":0,"comment_status":"closed","ping_status":"open","sticky":false,"template":"","format":"standard","meta":{"_eb_attr":"","_gspb_post_css":"","wp_social_preview_title":"","wp_social_preview_description":"","wp_social_preview_image":0,"footnotes":""},"categories":[1],"tags":[17,20,16,26,29,10,27,18,19,14,25,13,30,31,21,28,15,32,9,12,24,23,11,22],"class_list":["post-473","post","type-post","status-publish","format-standard","hentry","category-uncategorized","tag-ameliyat","tag-cerrahi","tag-cocuk","tag-en-uzun-omurga","tag-kemik","tag-kifoz","tag-lordoz","tag-marmara-universitesi","tag-murat-bezer","tag-omurga","tag-omurga-cerrahi","tag-omurga-egriligi","tag-ortopedi","tag-ortopedi-ve-travmatoloji","tag-platin","tag-s-skolyoz","tag-sirt","tag-sirt-agrisi","tag-skolyoz","tag-skolyoz-ameliyati","tag-skolyoz-ameliyati-deneyim","tag-skolyoz-ameliyati-sonrasi","tag-skolyoz-nedir","tag-vida"],"yoast_head":"<!-- This site is optimized with the Yoast SEO plugin v22.0 - https:\/\/yoast.com\/wordpress\/plugins\/seo\/ -->\n<title>Skolyoz Ameliyat\u0131m\u0131n 1. Y\u0131l\u0131 - Rumeysa Gelgi<\/title>\n<meta name=\"robots\" content=\"index, follow, max-snippet:-1, max-image-preview:large, max-video-preview:-1\" \/>\n<link rel=\"canonical\" href=\"https:\/\/rumeysagelgi.com\/tr\/skolyoz-ameliyatimin-1-yili\/\" \/>\n<meta property=\"og:locale\" content=\"tr_TR\" \/>\n<meta property=\"og:type\" content=\"article\" \/>\n<meta property=\"og:title\" content=\"Skolyoz Ameliyat\u0131m\u0131n 1. Y\u0131l\u0131 - Rumeysa Gelgi\" \/>\n<meta property=\"og:description\" content=\"Merhabalar, 1 y\u0131l \u00f6nce bug\u00fcn \u015fu saatlerde \u00e7ok a\u011f\u0131r bir ameliyattayd\u0131m. Evet, bug\u00fcn skolyoz ameliyat\u0131m\u0131 ge\u00e7ireli ve platinlerimle ya\u015famaya ba\u015flayal\u0131 tam 1 y\u0131l oldu. Uzun zamand\u0131r ge\u00e7irdi\u011fim bu s\u00fcre\u00e7le ilgili bir yaz\u0131 yazmak, hayat\u0131m\u0131 de\u011fi\u015ftiren o zaman dilimini sizlere anlatmak istiyordum. Yaz\u0131ma ba\u015flayal\u0131 \u00e7ok olmas\u0131na ra\u011fmen ancak bitirebildim, ve tam da ameliyat\u0131m\u0131n y\u0131l d\u00f6n\u00fcm\u00fcnde yay\u0131nlamaya &hellip; Okumaya devam et &quot;Skolyoz Ameliyat\u0131m\u0131n 1. Y\u0131l\u0131&quot;\" \/>\n<meta property=\"og:url\" content=\"https:\/\/rumeysagelgi.com\/tr\/skolyoz-ameliyatimin-1-yili\/\" \/>\n<meta property=\"og:site_name\" content=\"Rumeysa Gelgi\" \/>\n<meta property=\"article:published_time\" content=\"2023-04-29T20:23:38+00:00\" \/>\n<meta property=\"article:modified_time\" content=\"2023-04-30T13:51:36+00:00\" \/>\n<meta name=\"author\" content=\"Rumeysa Gelgi\" \/>\n<meta name=\"twitter:card\" content=\"summary_large_image\" \/>\n<meta name=\"twitter:label1\" content=\"Yazan:\" \/>\n\t<meta name=\"twitter:data1\" content=\"Rumeysa Gelgi\" \/>\n\t<meta name=\"twitter:label2\" content=\"Tahmini okuma s\u00fcresi\" \/>\n\t<meta name=\"twitter:data2\" content=\"13 dakika\" \/>\n<script type=\"application\/ld+json\" class=\"yoast-schema-graph\">{\"@context\":\"https:\/\/schema.org\",\"@graph\":[{\"@type\":\"WebPage\",\"@id\":\"https:\/\/rumeysagelgi.com\/skolyoz-ameliyatimin-1-yili\/\",\"url\":\"https:\/\/rumeysagelgi.com\/skolyoz-ameliyatimin-1-yili\/\",\"name\":\"Skolyoz Ameliyat\u0131m\u0131n 1. Y\u0131l\u0131 - Rumeysa Gelgi\",\"isPartOf\":{\"@id\":\"https:\/\/rumeysagelgi.com\/#website\"},\"datePublished\":\"2023-04-29T20:23:38+00:00\",\"dateModified\":\"2023-04-30T13:51:36+00:00\",\"author\":{\"@id\":\"https:\/\/rumeysagelgi.com\/#\/schema\/person\/a1941a242e847ad2551516d0a9c57f18\"},\"breadcrumb\":{\"@id\":\"https:\/\/rumeysagelgi.com\/skolyoz-ameliyatimin-1-yili\/#breadcrumb\"},\"inLanguage\":\"tr\",\"potentialAction\":[{\"@type\":\"ReadAction\",\"target\":[\"https:\/\/rumeysagelgi.com\/skolyoz-ameliyatimin-1-yili\/\"]}]},{\"@type\":\"BreadcrumbList\",\"@id\":\"https:\/\/rumeysagelgi.com\/skolyoz-ameliyatimin-1-yili\/#breadcrumb\",\"itemListElement\":[{\"@type\":\"ListItem\",\"position\":1,\"name\":\"Home\",\"item\":\"https:\/\/rumeysagelgi.com\/\"},{\"@type\":\"ListItem\",\"position\":2,\"name\":\"Skolyoz Ameliyat\u0131m\u0131n 1. Y\u0131l\u0131\"}]},{\"@type\":\"WebSite\",\"@id\":\"https:\/\/rumeysagelgi.com\/#website\",\"url\":\"https:\/\/rumeysagelgi.com\/\",\"name\":\"Rumeysa Gelgi\",\"description\":\"Welcome to Rumeysa Gelgi&#039;s official website.\",\"potentialAction\":[{\"@type\":\"SearchAction\",\"target\":{\"@type\":\"EntryPoint\",\"urlTemplate\":\"https:\/\/rumeysagelgi.com\/?s={search_term_string}\"},\"query-input\":\"required name=search_term_string\"}],\"inLanguage\":\"tr\"},{\"@type\":\"Person\",\"@id\":\"https:\/\/rumeysagelgi.com\/#\/schema\/person\/a1941a242e847ad2551516d0a9c57f18\",\"name\":\"Rumeysa Gelgi\",\"image\":{\"@type\":\"ImageObject\",\"inLanguage\":\"tr\",\"@id\":\"https:\/\/rumeysagelgi.com\/#\/schema\/person\/image\/\",\"url\":\"https:\/\/secure.gravatar.com\/avatar\/f3ae4c8f54d1935422ebfce2c38c4e468e578a1a7e0a5ac5f6cdf695ae6acf57?s=96&d=mm&r=g\",\"contentUrl\":\"https:\/\/secure.gravatar.com\/avatar\/f3ae4c8f54d1935422ebfce2c38c4e468e578a1a7e0a5ac5f6cdf695ae6acf57?s=96&d=mm&r=g\",\"caption\":\"Rumeysa Gelgi\"},\"url\":\"https:\/\/rumeysagelgi.com\/tr\/author\/rumeysa\/\"}]}<\/script>\n<!-- \/ Yoast SEO plugin. -->","yoast_head_json":{"title":"Skolyoz Ameliyat\u0131m\u0131n 1. Y\u0131l\u0131 - Rumeysa Gelgi","robots":{"index":"index","follow":"follow","max-snippet":"max-snippet:-1","max-image-preview":"max-image-preview:large","max-video-preview":"max-video-preview:-1"},"canonical":"https:\/\/rumeysagelgi.com\/tr\/skolyoz-ameliyatimin-1-yili\/","og_locale":"tr_TR","og_type":"article","og_title":"Skolyoz Ameliyat\u0131m\u0131n 1. Y\u0131l\u0131 - Rumeysa Gelgi","og_description":"Merhabalar, 1 y\u0131l \u00f6nce bug\u00fcn \u015fu saatlerde \u00e7ok a\u011f\u0131r bir ameliyattayd\u0131m. Evet, bug\u00fcn skolyoz ameliyat\u0131m\u0131 ge\u00e7ireli ve platinlerimle ya\u015famaya ba\u015flayal\u0131 tam 1 y\u0131l oldu. Uzun zamand\u0131r ge\u00e7irdi\u011fim bu s\u00fcre\u00e7le ilgili bir yaz\u0131 yazmak, hayat\u0131m\u0131 de\u011fi\u015ftiren o zaman dilimini sizlere anlatmak istiyordum. Yaz\u0131ma ba\u015flayal\u0131 \u00e7ok olmas\u0131na ra\u011fmen ancak bitirebildim, ve tam da ameliyat\u0131m\u0131n y\u0131l d\u00f6n\u00fcm\u00fcnde yay\u0131nlamaya &hellip; Okumaya devam et \"Skolyoz Ameliyat\u0131m\u0131n 1. Y\u0131l\u0131\"","og_url":"https:\/\/rumeysagelgi.com\/tr\/skolyoz-ameliyatimin-1-yili\/","og_site_name":"Rumeysa Gelgi","article_published_time":"2023-04-29T20:23:38+00:00","article_modified_time":"2023-04-30T13:51:36+00:00","author":"Rumeysa Gelgi","twitter_card":"summary_large_image","twitter_misc":{"Yazan:":"Rumeysa Gelgi","Tahmini okuma s\u00fcresi":"13 dakika"},"schema":{"@context":"https:\/\/schema.org","@graph":[{"@type":"WebPage","@id":"https:\/\/rumeysagelgi.com\/skolyoz-ameliyatimin-1-yili\/","url":"https:\/\/rumeysagelgi.com\/skolyoz-ameliyatimin-1-yili\/","name":"Skolyoz Ameliyat\u0131m\u0131n 1. Y\u0131l\u0131 - Rumeysa Gelgi","isPartOf":{"@id":"https:\/\/rumeysagelgi.com\/#website"},"datePublished":"2023-04-29T20:23:38+00:00","dateModified":"2023-04-30T13:51:36+00:00","author":{"@id":"https:\/\/rumeysagelgi.com\/#\/schema\/person\/a1941a242e847ad2551516d0a9c57f18"},"breadcrumb":{"@id":"https:\/\/rumeysagelgi.com\/skolyoz-ameliyatimin-1-yili\/#breadcrumb"},"inLanguage":"tr","potentialAction":[{"@type":"ReadAction","target":["https:\/\/rumeysagelgi.com\/skolyoz-ameliyatimin-1-yili\/"]}]},{"@type":"BreadcrumbList","@id":"https:\/\/rumeysagelgi.com\/skolyoz-ameliyatimin-1-yili\/#breadcrumb","itemListElement":[{"@type":"ListItem","position":1,"name":"Home","item":"https:\/\/rumeysagelgi.com\/"},{"@type":"ListItem","position":2,"name":"Skolyoz Ameliyat\u0131m\u0131n 1. Y\u0131l\u0131"}]},{"@type":"WebSite","@id":"https:\/\/rumeysagelgi.com\/#website","url":"https:\/\/rumeysagelgi.com\/","name":"Rumeysa Gelgi","description":"Welcome to Rumeysa Gelgi&#039;s official website.","potentialAction":[{"@type":"SearchAction","target":{"@type":"EntryPoint","urlTemplate":"https:\/\/rumeysagelgi.com\/?s={search_term_string}"},"query-input":"required name=search_term_string"}],"inLanguage":"tr"},{"@type":"Person","@id":"https:\/\/rumeysagelgi.com\/#\/schema\/person\/a1941a242e847ad2551516d0a9c57f18","name":"Rumeysa Gelgi","image":{"@type":"ImageObject","inLanguage":"tr","@id":"https:\/\/rumeysagelgi.com\/#\/schema\/person\/image\/","url":"https:\/\/secure.gravatar.com\/avatar\/f3ae4c8f54d1935422ebfce2c38c4e468e578a1a7e0a5ac5f6cdf695ae6acf57?s=96&d=mm&r=g","contentUrl":"https:\/\/secure.gravatar.com\/avatar\/f3ae4c8f54d1935422ebfce2c38c4e468e578a1a7e0a5ac5f6cdf695ae6acf57?s=96&d=mm&r=g","caption":"Rumeysa Gelgi"},"url":"https:\/\/rumeysagelgi.com\/tr\/author\/rumeysa\/"}]}},"_links":{"self":[{"href":"https:\/\/rumeysagelgi.com\/tr\/wp-json\/wp\/v2\/posts\/473","targetHints":{"allow":["GET"]}}],"collection":[{"href":"https:\/\/rumeysagelgi.com\/tr\/wp-json\/wp\/v2\/posts"}],"about":[{"href":"https:\/\/rumeysagelgi.com\/tr\/wp-json\/wp\/v2\/types\/post"}],"author":[{"embeddable":true,"href":"https:\/\/rumeysagelgi.com\/tr\/wp-json\/wp\/v2\/users\/2"}],"replies":[{"embeddable":true,"href":"https:\/\/rumeysagelgi.com\/tr\/wp-json\/wp\/v2\/comments?post=473"}],"version-history":[{"count":14,"href":"https:\/\/rumeysagelgi.com\/tr\/wp-json\/wp\/v2\/posts\/473\/revisions"}],"predecessor-version":[{"id":629,"href":"https:\/\/rumeysagelgi.com\/tr\/wp-json\/wp\/v2\/posts\/473\/revisions\/629"}],"wp:attachment":[{"href":"https:\/\/rumeysagelgi.com\/tr\/wp-json\/wp\/v2\/media?parent=473"}],"wp:term":[{"taxonomy":"category","embeddable":true,"href":"https:\/\/rumeysagelgi.com\/tr\/wp-json\/wp\/v2\/categories?post=473"},{"taxonomy":"post_tag","embeddable":true,"href":"https:\/\/rumeysagelgi.com\/tr\/wp-json\/wp\/v2\/tags?post=473"}],"curies":[{"name":"wp","href":"https:\/\/api.w.org\/{rel}","templated":true}]}}